{"id":1008,"date":"2018-11-29T20:32:44","date_gmt":"2018-11-29T22:32:44","guid":{"rendered":"https:\/\/sagemm.ird.fr\/?p=1008"},"modified":"2018-11-29T20:33:36","modified_gmt":"2018-11-29T22:33:36","slug":"seminaire-mensuel-pour-le-debat-bresilianiste-2","status":"publish","type":"post","link":"https:\/\/sagemm.ird.fr\/?p=1008","title":{"rendered":"S\u00e9minaire mensuel pour le d\u00e9bat br\u00e9silianiste"},"content":{"rendered":"<p><strong>La revue Br\u00e9sil(s) a le plaisir de vous inviter<br \/>\naux \u00ab Midis de Br\u00e9sil(s) \u00bb<\/strong><br \/>\n<strong>S\u00e9minaire mensuel pour le d\u00e9bat br\u00e9silianiste<\/strong><br \/>\n<em>coordonn\u00e9 par Amanda Dias, Camila Georgetti et M\u00f4nica Raisa Schpun<\/em><\/p>\n<p><strong>Lundi 3 d\u00e9cembre 2018, de 12h \u00e0 14h<br \/>\nsalle B-212, EHESS<br \/>\n54 bd Raspail, Paris 6e<\/strong><\/p>\n<p>Conf\u00e9rence de<br \/>\n<strong><span style=\"font-size: 16px;\">Cibele Rizek<\/span><\/strong><br \/>\n<strong>Professeur, Universit\u00e9 de S\u00e3o Paulo<\/strong><\/p>\n<p><strong>Politiques sociales du \u00ab\u00a0Lulismo\u00a0\u00bb. R\u00e9-\u00e9valuations dans un contexte de crise<\/strong><\/p>\n<p>La conf\u00e9rence propose une r\u00e9flexion sur les politiques sociales et de lutte contre la pauvret\u00e9 au Br\u00e9sil, sous les gouvernements de Lu\u00eds In\u00e1cio Lula da Silva et Dilma Roussef (2003-2016), ainsi que l\u00b4\u00e9puisement de ces politiques apr\u00e8s 2016. Les ambigu\u00eft\u00e9s, d\u00e9fis, n\u00e9gociations et accords polit iques de la p\u00e9riode ont contribu\u00e9 \u00e0 l&rsquo;affirmation et l\u00e9gitimation publique d\u2019une nouvelle droite br\u00e9silienne, sortie vainqueur des \u00e9lections pr\u00e9sidentielles de 2018. L\u2019analyse de cette victoire doit se faire \u00e0 la lumi\u00e8re des pratiques politiques et des accords conclus pendant la p\u00e9riode pr\u00e9c\u00e9dente. Pourtant, dans les r\u00e9gions o\u00f9 la lutte contre la pauvret\u00e9 a entra\u00een\u00e9 une am\u00e9lioration significative des conditions de vie, le cadre \u00e9lectorale a \u00e9t\u00e9 marqu\u00e9 par des positions favorables au candidat du Parti des Travailleurs. Des divisions r\u00e9gionales importantes d\u00e9coulent ainsi des choix et des actions men\u00e9es par les gouvernements du PT, caract\u00e9ris\u00e9s d\u2019un c\u00f4t\u00e9 par la lutte contre la pauvret\u00e9, avec ses d\u00e9fis et ses ambigu\u00eft\u00e9s et, de l\u2019autre, par des d\u00e9nonciations de corruption spectaculaires et par leur judiciarisation.<\/p>\n<div style=\"margin-top: 20px\"><img src=\"https:\/\/sagemm.ird.fr\/wp-content\/uploads\/2018\/11\/midis-bresil.jpg\" alt=\"\" width=\"100%\" class=\"aligncenter size-full wp-image-1001\" srcset=\"https:\/\/sagemm.ird.fr\/wp-content\/uploads\/2018\/11\/midis-bresil.jpg 620w, https:\/\/sagemm.ird.fr\/wp-content\/uploads\/2018\/11\/midis-bresil-212x300.jpg 212w\" sizes=\"(max-width: 620px) 100vw, 620px\" \/><\/div>\n","protected":false},"excerpt":{"rendered":"<p>La revue Br\u00e9sil(s) a le plaisir de vous inviter aux \u00ab Midis de Br\u00e9sil(s) \u00bb S\u00e9minaire mensuel pour le d\u00e9bat br\u00e9silianiste coordonn\u00e9 par Amanda Dias, Camila Georgetti et M\u00f4nica Raisa Schpun Lundi 3 d\u00e9cembre 2018, de 12h \u00e0 14h salle B-212, EHESS 54 bd Raspail, Paris 6e Conf\u00e9rence de Cibele [&hellip;]<\/p>\n","protected":false},"author":1,"featured_media":0,"comment_status":"open","ping_status":"open","sticky":false,"template":"","format":"standard","meta":[],"categories":[10,6],"tags":[],"_links":{"self":[{"href":"https:\/\/sagemm.ird.fr\/index.php?rest_route=\/wp\/v2\/posts\/1008"}],"collection":[{"href":"https:\/\/sagemm.ird.fr\/index.php?rest_route=\/wp\/v2\/posts"}],"about":[{"href":"https:\/\/sagemm.ird.fr\/index.php?rest_route=\/wp\/v2\/types\/post"}],"author":[{"embeddable":true,"href":"https:\/\/sagemm.ird.fr\/index.php?rest_route=\/wp\/v2\/users\/1"}],"replies":[{"embeddable":true,"href":"https:\/\/sagemm.ird.fr\/index.php?rest_route=%2Fwp%2Fv2%2Fcomments&post=1008"}],"version-history":[{"count":1,"href":"https:\/\/sagemm.ird.fr\/index.php?rest_route=\/wp\/v2\/posts\/1008\/revisions"}],"predecessor-version":[{"id":1009,"href":"https:\/\/sagemm.ird.fr\/index.php?rest_route=\/wp\/v2\/posts\/1008\/revisions\/1009"}],"wp:attachment":[{"href":"https:\/\/sagemm.ird.fr\/index.php?rest_route=%2Fwp%2Fv2%2Fmedia&parent=1008"}],"wp:term":[{"taxonomy":"category","embeddable":true,"href":"https:\/\/sagemm.ird.fr\/index.php?rest_route=%2Fwp%2Fv2%2Fcategories&post=1008"},{"taxonomy":"post_tag","embeddable":true,"href":"https:\/\/sagemm.ird.fr\/index.php?rest_route=%2Fwp%2Fv2%2Ftags&post=1008"}],"curies":[{"name":"wp","href":"https:\/\/api.w.org\/{rel}","templated":true}]}}