{"id":1033,"date":"2019-07-18T16:18:30","date_gmt":"2019-07-18T19:18:30","guid":{"rendered":"https:\/\/sagemm.ird.fr\/?p=1033"},"modified":"2019-08-12T09:59:58","modified_gmt":"2019-08-12T12:59:58","slug":"seminario-internacional-brasil-franca-tera-dia-de-evento-na-fsp-usp-2","status":"publish","type":"post","link":"https:\/\/sagemm.ird.fr\/?p=1033","title":{"rendered":"Semin\u00e1rio Internacional Brasil-Fran\u00e7a ter\u00e1 dia de evento na FSP\/USP"},"content":{"rendered":"<p><a href=\"https:\/\/sagemm.ird.fr\/wp-content\/uploads\/2019\/08\/seminario-narrativas-2.jpg\" target=\"_blank\" rel=\"noopener noreferrer\"><img src=\"https:\/\/sagemm.ird.fr\/wp-content\/uploads\/2019\/08\/seminario-narrativas-2-pq.jpg\" alt=\"\" width=\"100%\" class=\"aligncenter size-full\" \/><\/a><\/p>\n<p>O semin\u00e1rio internacional <strong>Narrativas em disputa: as pol\u00edticas p\u00fablicas sociais brasileiras entre continuidades e descontinuidades<\/strong> prop\u00f5e um balan\u00e7o do primeiro semestre do novo governo em termos de pol\u00edticas p\u00fablicas (sa\u00fade, assist\u00eancia, habita\u00e7\u00e3o, educa\u00e7\u00e3o) e da conjuntura mais ampla. Trata-se de analisar essa nova fase das pol\u00edticas sociais, suas continuidades e descontinuidades. Pretende-se partir do ciclo virtuoso dessas pol\u00edticas sociais, que tipo de din\u00e2micas foram implementadas e como se configuraram suas dimens\u00f5es constitutivas, procurando destacar a emerg\u00eancia de novos (ou velhos) atores, as formas de publiciza\u00e7\u00e3o e de privatiza\u00e7\u00e3o subjacentes, os atuais desafios para sua legitima\u00e7\u00e3o, sua desconstru\u00e7\u00e3o, numa perspectiva nacional e internacional.<\/p>\n<p>A Faculdade de Sa\u00fade P\u00fablica (FSP) da USP sediar\u00e1 o primeiro dia de evento que ocorrer\u00e1 em <strong>12 de agosto, \u00e0s 9h, na Sala Paula Souza<\/strong>.<\/p>\n<p><strong>Confer\u00eancia de abertura<\/strong>: \u201cDe l\u2019\u00e9conomie morale des \u201cterritoires\u201d de la sant\u00e9\u201d \u2013 Fr\u00e9d\u00e9ric Pierru (CNRS-CERAPS)<\/p>\n<ul>\n<li><strong>Mesa 1<\/strong> \u2013 As pol\u00edticas sociais brasileiras entre continuidade e descontinuidade: Pr\u00e1ticas de gest\u00e3o do social e forma\u00e7\u00e3o da demanda;<br \/>\nAurea Ianni (USP, coordenadora\/debatedora), Carlos Bello (Unifesp), Ricardo Jurca (USP-IAU), Am\u00e9lia Cohn (USP), Ros\u00e2ngela Dias Oliveira da Paz (PUC)<\/li>\n<\/ul>\n<ul>\n<li><strong>Mesa 2<\/strong> \u2013 Um dispositivo de an\u00e1lise multi-escalar da conjuntura brasileira: temporalidades e territorialidades cruzadas.<br \/>\nIsabel Georges\u00a0(IRD, coordenadora\/debatedora), Cibele S. Rizek (USP-IAU), Christian Aza\u00efs (CNAM-Lise), Fr\u00e9d\u00e9ric Pierru (CNRS-CERAPS)<\/li>\n<\/ul>\n<p><strong>Grande discuss\u00e3o final<\/strong> sobre as rela\u00e7\u00f5es entre gest\u00e3o das desigualdades sociais, formas de engajamento, pol\u00edticas p\u00fablicas e democracia.<\/p>\n<p>A UFSCAR sediar\u00e1 os outros dois dias de eventos (13 e 14 de agosto) com workshop e discuss\u00e3o sociol\u00f3gica.<\/p>\n<p>O evento \u00e9 gratuito e n\u00e3o \u00e9 necess\u00e1rio inscri\u00e7\u00e3o pr\u00e9via. Ser\u00e3o emitidos certificados de participa\u00e7\u00e3o.<\/p>\n","protected":false},"excerpt":{"rendered":"<p>O semin\u00e1rio internacional Narrativas em disputa: as pol\u00edticas p\u00fablicas sociais brasileiras entre continuidades e descontinuidades prop\u00f5e um balan\u00e7o do primeiro semestre do novo governo em termos de pol\u00edticas p\u00fablicas (sa\u00fade, assist\u00eancia, habita\u00e7\u00e3o, educa\u00e7\u00e3o) e da conjuntura mais ampla. Trata-se de analisar essa nova fase das pol\u00edticas sociais, suas continuidades e [&hellip;]<\/p>\n","protected":false},"author":1,"featured_media":0,"comment_status":"closed","ping_status":"closed","sticky":false,"template":"","format":"standard","meta":[],"categories":[14,6],"tags":[],"_links":{"self":[{"href":"https:\/\/sagemm.ird.fr\/index.php?rest_route=\/wp\/v2\/posts\/1033"}],"collection":[{"href":"https:\/\/sagemm.ird.fr\/index.php?rest_route=\/wp\/v2\/posts"}],"about":[{"href":"https:\/\/sagemm.ird.fr\/index.php?rest_route=\/wp\/v2\/types\/post"}],"author":[{"embeddable":true,"href":"https:\/\/sagemm.ird.fr\/index.php?rest_route=\/wp\/v2\/users\/1"}],"replies":[{"embeddable":true,"href":"https:\/\/sagemm.ird.fr\/index.php?rest_route=%2Fwp%2Fv2%2Fcomments&post=1033"}],"version-history":[{"count":3,"href":"https:\/\/sagemm.ird.fr\/index.php?rest_route=\/wp\/v2\/posts\/1033\/revisions"}],"predecessor-version":[{"id":1040,"href":"https:\/\/sagemm.ird.fr\/index.php?rest_route=\/wp\/v2\/posts\/1033\/revisions\/1040"}],"wp:attachment":[{"href":"https:\/\/sagemm.ird.fr\/index.php?rest_route=%2Fwp%2Fv2%2Fmedia&parent=1033"}],"wp:term":[{"taxonomy":"category","embeddable":true,"href":"https:\/\/sagemm.ird.fr\/index.php?rest_route=%2Fwp%2Fv2%2Fcategories&post=1033"},{"taxonomy":"post_tag","embeddable":true,"href":"https:\/\/sagemm.ird.fr\/index.php?rest_route=%2Fwp%2Fv2%2Ftags&post=1033"}],"curies":[{"name":"wp","href":"https:\/\/api.w.org\/{rel}","templated":true}]}}