{"id":370,"date":"2016-11-23T15:51:26","date_gmt":"2016-11-23T17:51:26","guid":{"rendered":"http:\/\/sagemm.ird.fr\/?p=370"},"modified":"2017-05-11T13:34:50","modified_gmt":"2017-05-11T16:34:50","slug":"lancamento-as-novas-politicas-sociais-brasileiras-na-saude-e-na-assistencia","status":"publish","type":"post","link":"https:\/\/sagemm.ird.fr\/?p=370","title":{"rendered":"25\/nov: Lan\u00e7amento do livro \u00ab\u00a0As novas pol\u00edticas sociais brasileiras na sa\u00fade e na assist\u00eancia\u00a0\u00bb"},"content":{"rendered":"<p><img src=\"https:\/\/sagemm.ird.fr\/wp-content\/uploads\/2016\/11\/cartaz-lancamento-14235345-pq.jpg\" alt=\"cartaz-lancamento\" width=\"100%\" class=\"alignnone size-full wp-image-371\" \/><\/p>\n","protected":false},"excerpt":{"rendered":"","protected":false},"author":1,"featured_media":0,"comment_status":"open","ping_status":"open","sticky":false,"template":"","format":"standard","meta":[],"categories":[7,6],"tags":[],"_links":{"self":[{"href":"https:\/\/sagemm.ird.fr\/index.php?rest_route=\/wp\/v2\/posts\/370"}],"collection":[{"href":"https:\/\/sagemm.ird.fr\/index.php?rest_route=\/wp\/v2\/posts"}],"about":[{"href":"https:\/\/sagemm.ird.fr\/index.php?rest_route=\/wp\/v2\/types\/post"}],"author":[{"embeddable":true,"href":"https:\/\/sagemm.ird.fr\/index.php?rest_route=\/wp\/v2\/users\/1"}],"replies":[{"embeddable":true,"href":"https:\/\/sagemm.ird.fr\/index.php?rest_route=%2Fwp%2Fv2%2Fcomments&post=370"}],"version-history":[{"count":6,"href":"https:\/\/sagemm.ird.fr\/index.php?rest_route=\/wp\/v2\/posts\/370\/revisions"}],"predecessor-version":[{"id":472,"href":"https:\/\/sagemm.ird.fr\/index.php?rest_route=\/wp\/v2\/posts\/370\/revisions\/472"}],"wp:attachment":[{"href":"https:\/\/sagemm.ird.fr\/index.php?rest_route=%2Fwp%2Fv2%2Fmedia&parent=370"}],"wp:term":[{"taxonomy":"category","embeddable":true,"href":"https:\/\/sagemm.ird.fr\/index.php?rest_route=%2Fwp%2Fv2%2Fcategories&post=370"},{"taxonomy":"post_tag","embeddable":true,"href":"https:\/\/sagemm.ird.fr\/index.php?rest_route=%2Fwp%2Fv2%2Ftags&post=370"}],"curies":[{"name":"wp","href":"https:\/\/api.w.org\/{rel}","templated":true}]}}