{"id":377,"date":"2016-10-26T15:56:47","date_gmt":"2016-10-26T17:56:47","guid":{"rendered":"http:\/\/sagemm.ird.fr\/?p=377"},"modified":"2017-05-11T12:07:53","modified_gmt":"2017-05-11T15:07:53","slug":"lancamento-de-as-contradicoes-do-lulismo-em-sao-paulo","status":"publish","type":"post","link":"https:\/\/sagemm.ird.fr\/?p=377","title":{"rendered":"Lan\u00e7amento de \u00ab\u00a0As contradi\u00e7\u00f5es do lulismo\u00a0\u00bb em S\u00e3o Paulo"},"content":{"rendered":"<p><img src=\"https:\/\/sagemm.ird.fr\/wp-content\/uploads\/2016\/11\/image014.jpg\" alt=\"As contradi\u00e7\u00f5es do lulismo_capa.indd\" width=\"100%\" class=\"alignnone size-full wp-image-378\" \/><\/p>\n<p>Lan\u00e7amento de As contradi\u00e7\u00f5es do lulismo em S\u00e3o Paulo<\/p>\n<p>Em novembro, a Boitempo publica As contradi\u00e7\u00f5es do lulismo \u2013 a que ponto chegamos?, colet\u00e2nea organizada por Andr\u00e9 Singer e Isabel Loureiro. Para marcar o lan\u00e7amento, a editora e o Centro de Estudos dos Direitos da Cidadania (Cenedic) promovem eventos gratuitos e abertos ao p\u00fablico geral em torno da obra.<\/p>\n<p>A aguardada antologia de interpreta\u00e7\u00e3o do Brasil contempor\u00e2neo abarca dois anos de pesquisas de Andr\u00e9 Singer, Carlos Alberto Bello, Cibele Rizek, Isabel Loureiro, Leonardo Mello e Silva, Maria Elisa Cevasco, Ruy Braga e Wolfgang Leo Maar e fornece um levantamento a quente das contradi\u00e7\u00f5es da experi\u00eancia lulista e suas express\u00f5es mais agudas na atualidade.<\/p>\n<p>A obra encerra uma esp\u00e9cie de trilogia sobre a era Lula, que inclui A era da indetermina\u00e7\u00e3o (2007) e Hegemonia \u00e0s avessas (2010), ambos tamb\u00e9m lan\u00e7ados pela Boitempo.<\/p>\n<p><strong>S\u00e3o Paulo<br \/>\nNoite de aut\u00f3grafos<\/strong><\/p>\n<p><strong>Lan\u00e7amento de As contradi\u00e7\u00f5es do lulismo no Bar Canto Madalena <\/strong><\/p>\n<p>03\/11\/2016 | quinta-feira | \u00e0s 19 horas<\/p>\n<p>Rua Medeiros de Albuquerque, n\u00ba 471<br \/>\nVila Madalena | S\u00e3o Paulo (SP)<br \/>\nTel: (011) 3813 6814<\/p>\n<p><strong>Debate na USP<br \/>\nDebate de lan\u00e7amento de As contradi\u00e7\u00f5es do lulismo<br \/>\n<\/strong><br \/>\n10\/11\/2016 | quinta-feira | \u00e0s 18 horas<\/p>\n<p>Pr\u00e9dio de Ci\u00eancias Sociais da FFLCH\/USP | Sala 14<br \/>\nRua Prof. Luciano Gualberto, n\u00ba 315<\/p>\n<p>Cidade Universit\u00e1ria | S\u00e3o Paulo (SP)<\/p>\n<p>Organiza\u00e7\u00e3o: Cenedic | Apoio: Boitempo<\/p>\n","protected":false},"excerpt":{"rendered":"<p>Lan\u00e7amento de As contradi\u00e7\u00f5es do lulismo em S\u00e3o Paulo Em novembro, a Boitempo publica As contradi\u00e7\u00f5es do lulismo \u2013 a que ponto chegamos?, colet\u00e2nea organizada por Andr\u00e9 Singer e Isabel Loureiro. Para marcar o lan\u00e7amento, a editora e o Centro de Estudos dos Direitos da Cidadania (Cenedic) promovem eventos gratuitos [&hellip;]<\/p>\n","protected":false},"author":1,"featured_media":0,"comment_status":"open","ping_status":"open","sticky":false,"template":"","format":"standard","meta":[],"categories":[7,6,9],"tags":[],"_links":{"self":[{"href":"https:\/\/sagemm.ird.fr\/index.php?rest_route=\/wp\/v2\/posts\/377"}],"collection":[{"href":"https:\/\/sagemm.ird.fr\/index.php?rest_route=\/wp\/v2\/posts"}],"about":[{"href":"https:\/\/sagemm.ird.fr\/index.php?rest_route=\/wp\/v2\/types\/post"}],"author":[{"embeddable":true,"href":"https:\/\/sagemm.ird.fr\/index.php?rest_route=\/wp\/v2\/users\/1"}],"replies":[{"embeddable":true,"href":"https:\/\/sagemm.ird.fr\/index.php?rest_route=%2Fwp%2Fv2%2Fcomments&post=377"}],"version-history":[{"count":2,"href":"https:\/\/sagemm.ird.fr\/index.php?rest_route=\/wp\/v2\/posts\/377\/revisions"}],"predecessor-version":[{"id":473,"href":"https:\/\/sagemm.ird.fr\/index.php?rest_route=\/wp\/v2\/posts\/377\/revisions\/473"}],"wp:attachment":[{"href":"https:\/\/sagemm.ird.fr\/index.php?rest_route=%2Fwp%2Fv2%2Fmedia&parent=377"}],"wp:term":[{"taxonomy":"category","embeddable":true,"href":"https:\/\/sagemm.ird.fr\/index.php?rest_route=%2Fwp%2Fv2%2Fcategories&post=377"},{"taxonomy":"post_tag","embeddable":true,"href":"https:\/\/sagemm.ird.fr\/index.php?rest_route=%2Fwp%2Fv2%2Ftags&post=377"}],"curies":[{"name":"wp","href":"https:\/\/api.w.org\/{rel}","templated":true}]}}