{"id":383,"date":"2016-11-29T18:03:47","date_gmt":"2016-11-29T20:03:47","guid":{"rendered":"http:\/\/sagemm.ird.fr\/?p=383"},"modified":"2017-05-11T12:08:23","modified_gmt":"2017-05-11T15:08:23","slug":"5dez-lancamento-do-livro-as-novas-politicas-sociais-brasileiras-na-saude-e-na-assistencia","status":"publish","type":"post","link":"https:\/\/sagemm.ird.fr\/?p=383","title":{"rendered":"5\/dez: lan\u00e7amento do livro \u00ab\u00a0As novas pol\u00edticas sociais brasileiras na sa\u00fade e na assist\u00eancia\u00a0\u00bb"},"content":{"rendered":"<p><img src=\"https:\/\/sagemm.ird.fr\/wp-content\/uploads\/2016\/11\/convite-yumi-isabel.jpg\" alt=\"\" width=\"100%\" class=\"alignnone size-full wp-image-384\" \/><br \/>\n<img src=\"https:\/\/sagemm.ird.fr\/wp-content\/uploads\/2016\/11\/lancamento-1205.jpg\" alt=\"lancamento-1205\" width=\"100%\" class=\"alignnone size-full wp-image-394\" \/><\/p>\n","protected":false},"excerpt":{"rendered":"","protected":false},"author":1,"featured_media":0,"comment_status":"open","ping_status":"open","sticky":false,"template":"","format":"standard","meta":[],"categories":[7,6,9],"tags":[],"_links":{"self":[{"href":"https:\/\/sagemm.ird.fr\/index.php?rest_route=\/wp\/v2\/posts\/383"}],"collection":[{"href":"https:\/\/sagemm.ird.fr\/index.php?rest_route=\/wp\/v2\/posts"}],"about":[{"href":"https:\/\/sagemm.ird.fr\/index.php?rest_route=\/wp\/v2\/types\/post"}],"author":[{"embeddable":true,"href":"https:\/\/sagemm.ird.fr\/index.php?rest_route=\/wp\/v2\/users\/1"}],"replies":[{"embeddable":true,"href":"https:\/\/sagemm.ird.fr\/index.php?rest_route=%2Fwp%2Fv2%2Fcomments&post=383"}],"version-history":[{"count":5,"href":"https:\/\/sagemm.ird.fr\/index.php?rest_route=\/wp\/v2\/posts\/383\/revisions"}],"predecessor-version":[{"id":470,"href":"https:\/\/sagemm.ird.fr\/index.php?rest_route=\/wp\/v2\/posts\/383\/revisions\/470"}],"wp:attachment":[{"href":"https:\/\/sagemm.ird.fr\/index.php?rest_route=%2Fwp%2Fv2%2Fmedia&parent=383"}],"wp:term":[{"taxonomy":"category","embeddable":true,"href":"https:\/\/sagemm.ird.fr\/index.php?rest_route=%2Fwp%2Fv2%2Fcategories&post=383"},{"taxonomy":"post_tag","embeddable":true,"href":"https:\/\/sagemm.ird.fr\/index.php?rest_route=%2Fwp%2Fv2%2Ftags&post=383"}],"curies":[{"name":"wp","href":"https:\/\/api.w.org\/{rel}","templated":true}]}}