{"id":388,"date":"2016-11-25T18:00:59","date_gmt":"2016-11-25T20:00:59","guid":{"rendered":"http:\/\/sagemm.ird.fr\/?p=388"},"modified":"2017-05-11T13:34:55","modified_gmt":"2017-05-11T16:34:55","slug":"29nov-lancamento-do-livro-as-novas-politicas-sociais-brasileiras-na-saude-e-na-assistencia","status":"publish","type":"post","link":"https:\/\/sagemm.ird.fr\/?p=388","title":{"rendered":"29\/nov: Lan\u00e7amento do livro \u00ab\u00a0As novas pol\u00edticas sociais brasileiras na sa\u00fade e na assist\u00eancia\u00a0\u00bb"},"content":{"rendered":"<p><img src=\"https:\/\/sagemm.ird.fr\/wp-content\/uploads\/2016\/11\/convite-lancamento-livro-small.jpg\" alt=\"convite-lancamento-livro-small\" width=\"100%\" class=\"alignnone size-full wp-image-389\" \/><\/p>\n<p>O IRD, a Embaixada da Fran\u00e7a e a Alian\u00e7a Francesa convidam:<\/p>\n<p><strong>Lan\u00e7amento do livro \u00ab\u00a0As novas pol\u00edticas brasileiras na sa\u00fade e na assist\u00eancia\u00a0\u00bb<\/strong><\/p>\n<p>Autoras: Isabel Georges (IRD) e Yumi Garcia dos Santos (UFMG)<\/p>\n<p><img src=\"https:\/\/sagemm.ird.fr\/wp-content\/uploads\/2016\/11\/img3032-low.jpg\" alt=\"\" width=\"100%\" class=\"alignnone size-full wp-image-420\" \/><\/p>\n<p>O que h\u00e1 de novo nas \u201cnovas\u201d pol\u00edticas sociais brasileiras? Nas duas \u00faltimas d\u00e9cadas, a Am\u00e9rica Latina, e mais especificamente o Brasil, t\u00eam sido considerados como um \u201claborat\u00f3rio\u201d de pol\u00edticas sociais, a meio caminho entre seguran\u00e7a social e reconhecimento dos direitos, onde um significativo contingente feminino tem sido mobilizado para a concretiza\u00e7\u00e3o dos servi\u00e7os. A partir do estudo de caso da regi\u00e3o metropolitana de S\u00e3o Paulo, os temas abordados visam compreender o lugar da mulher em um conjunto de transforma\u00e7\u00f5es da sociedade brasileira ap\u00f3s a abertura democr\u00e1tica, como as reconfigura\u00e7\u00f5es familiares e a transi\u00e7\u00e3o demogr\u00e1fica, o aumento da atividade feminina e as polariza\u00e7\u00f5es do mercado de trabalho. Quais as rela\u00e7\u00f5es de g\u00eanero, de classe e de ra\u00e7a tecidas entre o Estado, em seus diversos n\u00edveis, o mercado, a \u201csociedade civil\u201d, e a popula\u00e7\u00e3o ? Quais as formas de media\u00e7\u00e3o e conflito entre os sujeitos e atores das pol\u00edticas sociais e outras inst\u00e2ncias de ordenamento? Este livro analisa como a democracia se concretiza \u00ab\u00a0por baixo\u00a0\u00bb, e as formas de express\u00e3o nas rela\u00e7\u00f5es sociais de g\u00eanero no pa\u00eds. No cruzamento das teorias da \u201cfeminiliza\u00e7\u00e3o da pobreza\u201d por um lado, e do empoderamento das mulheres por meio das pol\u00edticas, pelo outro, quais s\u00e3o os pap\u00e9is desempenhados pelas mulheres enquanto trabalhadoras sociais, bem como enquanto \u201cbenefici\u00e1rias\u201d?<\/p>\n<p><strong>Na ocasi\u00e3o o livro ser\u00e1 vendido com um pre\u00e7o especial e sess\u00e3o de aut\u00f3grafos.<\/p>\n<p>Contamos com a sua presen\u00e7a!<\/strong><\/p>\n<p>RSPV: <a href=\"mailto:hoana.goncalves@ird.fr\" target=\"_blank\">hoana.goncalves@ird.fr<\/a><\/p>\n","protected":false},"excerpt":{"rendered":"<p>O IRD, a Embaixada da Fran\u00e7a e a Alian\u00e7a Francesa convidam: Lan\u00e7amento do livro \u00ab\u00a0As novas pol\u00edticas brasileiras na sa\u00fade e na assist\u00eancia\u00a0\u00bb Autoras: Isabel Georges (IRD) e Yumi Garcia dos Santos (UFMG) O que h\u00e1 de novo nas \u201cnovas\u201d pol\u00edticas sociais brasileiras? Nas duas \u00faltimas d\u00e9cadas, a Am\u00e9rica Latina, [&hellip;]<\/p>\n","protected":false},"author":1,"featured_media":0,"comment_status":"open","ping_status":"open","sticky":false,"template":"","format":"standard","meta":[],"categories":[7,6],"tags":[],"_links":{"self":[{"href":"https:\/\/sagemm.ird.fr\/index.php?rest_route=\/wp\/v2\/posts\/388"}],"collection":[{"href":"https:\/\/sagemm.ird.fr\/index.php?rest_route=\/wp\/v2\/posts"}],"about":[{"href":"https:\/\/sagemm.ird.fr\/index.php?rest_route=\/wp\/v2\/types\/post"}],"author":[{"embeddable":true,"href":"https:\/\/sagemm.ird.fr\/index.php?rest_route=\/wp\/v2\/users\/1"}],"replies":[{"embeddable":true,"href":"https:\/\/sagemm.ird.fr\/index.php?rest_route=%2Fwp%2Fv2%2Fcomments&post=388"}],"version-history":[{"count":3,"href":"https:\/\/sagemm.ird.fr\/index.php?rest_route=\/wp\/v2\/posts\/388\/revisions"}],"predecessor-version":[{"id":471,"href":"https:\/\/sagemm.ird.fr\/index.php?rest_route=\/wp\/v2\/posts\/388\/revisions\/471"}],"wp:attachment":[{"href":"https:\/\/sagemm.ird.fr\/index.php?rest_route=%2Fwp%2Fv2%2Fmedia&parent=388"}],"wp:term":[{"taxonomy":"category","embeddable":true,"href":"https:\/\/sagemm.ird.fr\/index.php?rest_route=%2Fwp%2Fv2%2Fcategories&post=388"},{"taxonomy":"post_tag","embeddable":true,"href":"https:\/\/sagemm.ird.fr\/index.php?rest_route=%2Fwp%2Fv2%2Ftags&post=388"}],"curies":[{"name":"wp","href":"https:\/\/api.w.org\/{rel}","templated":true}]}}