{"id":563,"date":"2017-05-29T17:27:24","date_gmt":"2017-05-29T20:27:24","guid":{"rendered":"https:\/\/sagemm.ird.fr\/?p=563"},"modified":"2017-07-05T10:57:59","modified_gmt":"2017-07-05T13:57:59","slug":"seminario-assistencia-e-religiao-articulacoes-e-liminaridades-2","status":"publish","type":"post","link":"https:\/\/sagemm.ird.fr\/?p=563","title":{"rendered":"Semin\u00e1rio \u00ab\u00a0Assist\u00eancia e Religi\u00e3o: articula\u00e7\u00f5es e liminaridades\u00a0\u00bb"},"content":{"rendered":"<a href=\"https:\/\/sagemm.ird.fr\/wp-content\/uploads\/2017\/05\/cartaz-seminario-assistencia-e-religiao.pdf\" class=\"pdfemb-viewer\" style=\"\" data-width=\"max\" data-height=\"max\"  data-toolbar=\"bottom\" data-toolbar-fixed=\"off\">cartaz-seminario-assistencia-e-religiao<br\/><\/a>\n","protected":false},"excerpt":{"rendered":"","protected":false},"author":1,"featured_media":0,"comment_status":"closed","ping_status":"closed","sticky":false,"template":"","format":"standard","meta":[],"categories":[8,6],"tags":[],"_links":{"self":[{"href":"https:\/\/sagemm.ird.fr\/index.php?rest_route=\/wp\/v2\/posts\/563"}],"collection":[{"href":"https:\/\/sagemm.ird.fr\/index.php?rest_route=\/wp\/v2\/posts"}],"about":[{"href":"https:\/\/sagemm.ird.fr\/index.php?rest_route=\/wp\/v2\/types\/post"}],"author":[{"embeddable":true,"href":"https:\/\/sagemm.ird.fr\/index.php?rest_route=\/wp\/v2\/users\/1"}],"replies":[{"embeddable":true,"href":"https:\/\/sagemm.ird.fr\/index.php?rest_route=%2Fwp%2Fv2%2Fcomments&post=563"}],"version-history":[{"count":1,"href":"https:\/\/sagemm.ird.fr\/index.php?rest_route=\/wp\/v2\/posts\/563\/revisions"}],"predecessor-version":[{"id":564,"href":"https:\/\/sagemm.ird.fr\/index.php?rest_route=\/wp\/v2\/posts\/563\/revisions\/564"}],"wp:attachment":[{"href":"https:\/\/sagemm.ird.fr\/index.php?rest_route=%2Fwp%2Fv2%2Fmedia&parent=563"}],"wp:term":[{"taxonomy":"category","embeddable":true,"href":"https:\/\/sagemm.ird.fr\/index.php?rest_route=%2Fwp%2Fv2%2Fcategories&post=563"},{"taxonomy":"post_tag","embeddable":true,"href":"https:\/\/sagemm.ird.fr\/index.php?rest_route=%2Fwp%2Fv2%2Ftags&post=563"}],"curies":[{"name":"wp","href":"https:\/\/api.w.org\/{rel}","templated":true}]}}