{"id":751,"date":"2018-03-14T13:00:31","date_gmt":"2018-03-14T16:00:31","guid":{"rendered":"https:\/\/sagemm.ird.fr\/?p=751"},"modified":"2018-03-14T13:00:55","modified_gmt":"2018-03-14T16:00:55","slug":"pensamento-social-brasileiro-em-questao-critica-e-pesquisa","status":"publish","type":"post","link":"https:\/\/sagemm.ird.fr\/?p=751","title":{"rendered":"Pensamento Social Brasileiro em quest\u00e3o: cr\u00edtica e pesquisa"},"content":{"rendered":"<p><a href=\"https:\/\/sagemm.ird.fr\/wp-content\/uploads\/2018\/03\/pensamento-social-jesse-souza.jpg\"><img src=\"https:\/\/sagemm.ird.fr\/wp-content\/uploads\/2018\/03\/pensamento-social-jesse-souza.jpg\" alt=\"\" width=\"100%\" class=\"alignnone size-full wp-image-752\" srcset=\"https:\/\/sagemm.ird.fr\/wp-content\/uploads\/2018\/03\/pensamento-social-jesse-souza.jpg 926w, https:\/\/sagemm.ird.fr\/wp-content\/uploads\/2018\/03\/pensamento-social-jesse-souza-300x156.jpg 300w, https:\/\/sagemm.ird.fr\/wp-content\/uploads\/2018\/03\/pensamento-social-jesse-souza-768x401.jpg 768w\" sizes=\"(max-width: 926px) 100vw, 926px\" \/><\/a><\/p>\n<p>14\/3 \u2013 14:00 \u2013 19:00, Faculdade de Arquitetura e Urbanismo \u2013 USP<\/p>\n<p>Apresenta\u00e7\u00e3o do livro \u201cA elite do atraso: da escravid\u00e3o \u00e0 Lava-Jato\u201d de Jess\u00e9 Souza (Universidade Federal do ABC).<br \/>\nDebatedora: Cibele Rizek (IAUSC USP\/Cenedic)<\/p>\n<p>Jess\u00e9 Souza em seu livro \u201cA Elite do Atraso, da Escravid\u00e3o \u00e0 Lava Jato\u201d busca refletir como o pensamento social brasileiro, e seus conceitos como \u201cpatrimonialismo\u201d e \u201cpopulismo\u201d s\u00e3o projetado pela m\u00eddia e pelo senso comum, que demonizaram o Estado, apontando-o como v\u00edcio, e elegeram o mercado como a virtude para supera\u00e7\u00e3o das desigualdades. Para o autor essa explica\u00e7\u00e3o esconde o real problema brasileiro, a perpetua\u00e7\u00e3o de uma estrutura mental escravocrata, que se realiza atualmente na servid\u00e3o da chamada \u201cral\u00e9\u201d. A consuma\u00e7\u00e3o de golpes pol\u00edticos consecutivos seria o meio das elites recolocarem as clivagens e a estratifica\u00e7\u00e3o social.<\/p>\n<p>A presen\u00e7a de Jess\u00e9 Souza na FAU traz para USP a cr\u00edtica \u00e0 produ\u00e7\u00e3o intelectual, que em grande medida foi realizada no interior dessa Universidade. A Professora Cibele Rizek (Cenedic USP) abrir\u00e1 o debate.<\/p>\n<p>O objetivo \u00e9 realizar uma atividade ampla que relacione ensino, pesquisa e extens\u00e3o e que, a partir do conflito social contempor\u00e2neo no Brasil, ajude a refletir sobre o papel da Universidade como agente espec\u00edfico, produtor e reprodutor de cultura pol\u00edtica.<\/p>\n<p>A realiza\u00e7\u00e3o \u00e9 do Grupo de Pesquisa Cultura, Arquitetura e Cidade na Am\u00e9rica Latina, vinculado ao Laborat\u00f3rio para Outros Urbanismos, e dos professores da \u00c1rea de Habitat da P\u00f3s-Gradua\u00e7\u00e3o da FAU.<\/p>\n<p>Mais informa\u00e7\u00f5es: <a href=\"https:\/\/www.facebook.com\/events\/270408996826941\/\" rel=\"noopener\" target=\"_blank\">https:\/\/www.facebook.com\/events\/270408996826941\/<\/a><\/p>\n","protected":false},"excerpt":{"rendered":"<p>14\/3 \u2013 14:00 \u2013 19:00, Faculdade de Arquitetura e Urbanismo \u2013 USP Apresenta\u00e7\u00e3o do livro \u201cA elite do atraso: da escravid\u00e3o \u00e0 Lava-Jato\u201d de Jess\u00e9 Souza (Universidade Federal do ABC). Debatedora: Cibele Rizek (IAUSC USP\/Cenedic) Jess\u00e9 Souza em seu livro \u201cA Elite do Atraso, da Escravid\u00e3o \u00e0 Lava Jato\u201d busca [&hellip;]<\/p>\n","protected":false},"author":1,"featured_media":0,"comment_status":"open","ping_status":"open","sticky":false,"template":"","format":"standard","meta":[],"categories":[10,6],"tags":[],"_links":{"self":[{"href":"https:\/\/sagemm.ird.fr\/index.php?rest_route=\/wp\/v2\/posts\/751"}],"collection":[{"href":"https:\/\/sagemm.ird.fr\/index.php?rest_route=\/wp\/v2\/posts"}],"about":[{"href":"https:\/\/sagemm.ird.fr\/index.php?rest_route=\/wp\/v2\/types\/post"}],"author":[{"embeddable":true,"href":"https:\/\/sagemm.ird.fr\/index.php?rest_route=\/wp\/v2\/users\/1"}],"replies":[{"embeddable":true,"href":"https:\/\/sagemm.ird.fr\/index.php?rest_route=%2Fwp%2Fv2%2Fcomments&post=751"}],"version-history":[{"count":1,"href":"https:\/\/sagemm.ird.fr\/index.php?rest_route=\/wp\/v2\/posts\/751\/revisions"}],"predecessor-version":[{"id":753,"href":"https:\/\/sagemm.ird.fr\/index.php?rest_route=\/wp\/v2\/posts\/751\/revisions\/753"}],"wp:attachment":[{"href":"https:\/\/sagemm.ird.fr\/index.php?rest_route=%2Fwp%2Fv2%2Fmedia&parent=751"}],"wp:term":[{"taxonomy":"category","embeddable":true,"href":"https:\/\/sagemm.ird.fr\/index.php?rest_route=%2Fwp%2Fv2%2Fcategories&post=751"},{"taxonomy":"post_tag","embeddable":true,"href":"https:\/\/sagemm.ird.fr\/index.php?rest_route=%2Fwp%2Fv2%2Ftags&post=751"}],"curies":[{"name":"wp","href":"https:\/\/api.w.org\/{rel}","templated":true}]}}