{"id":781,"date":"2018-05-04T17:03:18","date_gmt":"2018-05-04T20:03:18","guid":{"rendered":"https:\/\/sagemm.ird.fr\/?p=781"},"modified":"2018-05-04T17:03:18","modified_gmt":"2018-05-04T20:03:18","slug":"formas-de-accion-politica-y-movimientos-populares-en-colombia-hoy-capitulo","status":"publish","type":"post","link":"https:\/\/sagemm.ird.fr\/?p=781","title":{"rendered":"Formas de acci\u00f3n pol\u00edtica y movimientos populares en Colombia hoy (cap\u00edtulo)"},"content":{"rendered":"<div style=\"margin-bottom: 20px;\"><img style=\"border: 1px gray solid\" src=\"wp-content\/uploads\/2018\/05\/cap-salazar-pj.jpg\" width=\"300\" \/><\/div>\n<p>Pablo Jaramillo Salazar<br \/>\n2017. con  C. A. Manrique, J.R. Aparicio, L. Quintana and A. Caicedo. \u201cFormas de acci\u00f3n pol\u00edtica y movimientos populares en Colombia hoy: Anotaciones para pensar un glosario de lo com\u00fan\u201d in Mauricio Nieto and Luis Javier Orjuela (eds.).  Los retos de la Colombia contempor\u00e2nea: miradas disciplinares diversas en las ciencias sociales. Bogot\u00e1: Ediciones Uniandes.<\/p>\n","protected":false},"excerpt":{"rendered":"<p>Pablo Jaramillo Salazar 2017. con C. A. Manrique, J.R. Aparicio, L. Quintana and A. Caicedo. \u201cFormas de acci\u00f3n pol\u00edtica y movimientos populares en Colombia hoy: Anotaciones para pensar un glosario de lo com\u00fan\u201d in Mauricio Nieto and Luis Javier Orjuela (eds.). Los retos de la Colombia contempor\u00e2nea: miradas disciplinares diversas [&hellip;]<\/p>\n","protected":false},"author":1,"featured_media":0,"comment_status":"open","ping_status":"open","sticky":false,"template":"","format":"standard","meta":[],"categories":[12,9],"tags":[],"_links":{"self":[{"href":"https:\/\/sagemm.ird.fr\/index.php?rest_route=\/wp\/v2\/posts\/781"}],"collection":[{"href":"https:\/\/sagemm.ird.fr\/index.php?rest_route=\/wp\/v2\/posts"}],"about":[{"href":"https:\/\/sagemm.ird.fr\/index.php?rest_route=\/wp\/v2\/types\/post"}],"author":[{"embeddable":true,"href":"https:\/\/sagemm.ird.fr\/index.php?rest_route=\/wp\/v2\/users\/1"}],"replies":[{"embeddable":true,"href":"https:\/\/sagemm.ird.fr\/index.php?rest_route=%2Fwp%2Fv2%2Fcomments&post=781"}],"version-history":[{"count":1,"href":"https:\/\/sagemm.ird.fr\/index.php?rest_route=\/wp\/v2\/posts\/781\/revisions"}],"predecessor-version":[{"id":783,"href":"https:\/\/sagemm.ird.fr\/index.php?rest_route=\/wp\/v2\/posts\/781\/revisions\/783"}],"wp:attachment":[{"href":"https:\/\/sagemm.ird.fr\/index.php?rest_route=%2Fwp%2Fv2%2Fmedia&parent=781"}],"wp:term":[{"taxonomy":"category","embeddable":true,"href":"https:\/\/sagemm.ird.fr\/index.php?rest_route=%2Fwp%2Fv2%2Fcategories&post=781"},{"taxonomy":"post_tag","embeddable":true,"href":"https:\/\/sagemm.ird.fr\/index.php?rest_route=%2Fwp%2Fv2%2Ftags&post=781"}],"curies":[{"name":"wp","href":"https:\/\/api.w.org\/{rel}","templated":true}]}}