{"id":784,"date":"2018-05-04T17:06:17","date_gmt":"2018-05-04T20:06:17","guid":{"rendered":"https:\/\/sagemm.ird.fr\/?p=784"},"modified":"2018-05-04T17:06:17","modified_gmt":"2018-05-04T20:06:17","slug":"o-cuidado-como-quase-conceito-capitulo","status":"publish","type":"post","link":"https:\/\/sagemm.ird.fr\/?p=784","title":{"rendered":"O \u00ab cuidado \u00bb como \u00ab quase-conceito \u00bb (cap\u00edtulo)"},"content":{"rendered":"<div style=\"margin-bottom: 20px;\"><img style=\"border: 1px gray solid\" src=\"wp-content\/uploads\/2018\/05\/cap-georges-i.jpg\" width=\"300\" \/><\/div>\n<p>Isabel Georges<br \/>\nGEORGES, Isabel, \u00ab O \u00ab cuidado \u00bb como \u00ab quase-conceito \u00bb : por que est\u00e1 pegando  Notas sobre a resili\u00eancia de uma categoria emergente \u00bb, in Debert, Guita Grin, Pulhez, Mariana Marques (orgs.), Textos did\u00e1ticos, Desafios do cuidado: g\u00eanero, velhice e defici\u00eancia, IFCH-Unicamp, n\u00b0 66, junho 2017, p. 125-151. <\/p>\n","protected":false},"excerpt":{"rendered":"<p>Isabel Georges GEORGES, Isabel, \u00ab O \u00ab cuidado \u00bb como \u00ab quase-conceito \u00bb : por que est\u00e1 pegando Notas sobre a resili\u00eancia de uma categoria emergente \u00bb, in Debert, Guita Grin, Pulhez, Mariana Marques (orgs.), Textos did\u00e1ticos, Desafios do cuidado: g\u00eanero, velhice e defici\u00eancia, IFCH-Unicamp, n\u00b0 66, junho 2017, p. [&hellip;]<\/p>\n","protected":false},"author":1,"featured_media":0,"comment_status":"open","ping_status":"open","sticky":false,"template":"","format":"standard","meta":[],"categories":[12,9],"tags":[],"_links":{"self":[{"href":"https:\/\/sagemm.ird.fr\/index.php?rest_route=\/wp\/v2\/posts\/784"}],"collection":[{"href":"https:\/\/sagemm.ird.fr\/index.php?rest_route=\/wp\/v2\/posts"}],"about":[{"href":"https:\/\/sagemm.ird.fr\/index.php?rest_route=\/wp\/v2\/types\/post"}],"author":[{"embeddable":true,"href":"https:\/\/sagemm.ird.fr\/index.php?rest_route=\/wp\/v2\/users\/1"}],"replies":[{"embeddable":true,"href":"https:\/\/sagemm.ird.fr\/index.php?rest_route=%2Fwp%2Fv2%2Fcomments&post=784"}],"version-history":[{"count":2,"href":"https:\/\/sagemm.ird.fr\/index.php?rest_route=\/wp\/v2\/posts\/784\/revisions"}],"predecessor-version":[{"id":787,"href":"https:\/\/sagemm.ird.fr\/index.php?rest_route=\/wp\/v2\/posts\/784\/revisions\/787"}],"wp:attachment":[{"href":"https:\/\/sagemm.ird.fr\/index.php?rest_route=%2Fwp%2Fv2%2Fmedia&parent=784"}],"wp:term":[{"taxonomy":"category","embeddable":true,"href":"https:\/\/sagemm.ird.fr\/index.php?rest_route=%2Fwp%2Fv2%2Fcategories&post=784"},{"taxonomy":"post_tag","embeddable":true,"href":"https:\/\/sagemm.ird.fr\/index.php?rest_route=%2Fwp%2Fv2%2Ftags&post=784"}],"curies":[{"name":"wp","href":"https:\/\/api.w.org\/{rel}","templated":true}]}}