{"id":957,"date":"2018-08-03T16:47:18","date_gmt":"2018-08-03T19:47:18","guid":{"rendered":"https:\/\/sagemm.ird.fr\/?p=957"},"modified":"2018-08-03T16:47:18","modified_gmt":"2018-08-03T19:47:18","slug":"como-funciona-na-pratica-a-politica-nacional-de-assistencia-social-em-sao-paulo-artigo","status":"publish","type":"post","link":"https:\/\/sagemm.ird.fr\/?p=957","title":{"rendered":"Como funciona, na pr\u00e1tica, a Pol\u00edtica Nacional de Assist\u00eancia Social em S\u00e3o Paulo (artigo)"},"content":{"rendered":"<p><a href=\"https:\/\/www.nexojornal.com.br\/academico\/2018\/01\/24\/Como-funciona-na-pr%C3%A1tica-a-Pol%C3%ADtica-Nacional-de-Assist%C3%AAncia-Social-em-S%C3%A3o-Paulo\" target=\"_blank\"><img src=\"https:\/\/sagemm.ird.fr\/wp-content\/uploads\/2018\/08\/artigo-nexo-roselene-breda.jpg\" alt=\"Como funciona, na pr\u00e1tica, a Pol\u00edtica Nacional de Assist\u00eancia Social em S\u00e3o Paulo - Roselene Breda\" width=\"100%\" class=\"aligncenter size-full wp-image-953\" srcset=\"https:\/\/sagemm.ird.fr\/wp-content\/uploads\/2018\/08\/artigo-nexo-roselene-breda.jpg 1106w, https:\/\/sagemm.ird.fr\/wp-content\/uploads\/2018\/08\/artigo-nexo-roselene-breda-300x56.jpg 300w, https:\/\/sagemm.ird.fr\/wp-content\/uploads\/2018\/08\/artigo-nexo-roselene-breda-768x143.jpg 768w, https:\/\/sagemm.ird.fr\/wp-content\/uploads\/2018\/08\/artigo-nexo-roselene-breda-1024x191.jpg 1024w\" sizes=\"(max-width: 1106px) 100vw, 1106px\" \/><\/a><br \/>\n<a href=\"https:\/\/www.nexojornal.com.br\/academico\/2018\/01\/24\/Como-funciona-na-pr%C3%A1tica-a-Pol%C3%ADtica-Nacional-de-Assist%C3%AAncia-Social-em-S%C3%A3o-Paulo\" target=\"_blank\">Clique aqui para acessar o texto integral<\/a><\/p>\n","protected":false},"excerpt":{"rendered":"<p>Clique aqui para acessar o texto integral<\/p>\n","protected":false},"author":1,"featured_media":0,"comment_status":"open","ping_status":"open","sticky":false,"template":"","format":"standard","meta":[],"categories":[13,9],"tags":[],"_links":{"self":[{"href":"https:\/\/sagemm.ird.fr\/index.php?rest_route=\/wp\/v2\/posts\/957"}],"collection":[{"href":"https:\/\/sagemm.ird.fr\/index.php?rest_route=\/wp\/v2\/posts"}],"about":[{"href":"https:\/\/sagemm.ird.fr\/index.php?rest_route=\/wp\/v2\/types\/post"}],"author":[{"embeddable":true,"href":"https:\/\/sagemm.ird.fr\/index.php?rest_route=\/wp\/v2\/users\/1"}],"replies":[{"embeddable":true,"href":"https:\/\/sagemm.ird.fr\/index.php?rest_route=%2Fwp%2Fv2%2Fcomments&post=957"}],"version-history":[{"count":1,"href":"https:\/\/sagemm.ird.fr\/index.php?rest_route=\/wp\/v2\/posts\/957\/revisions"}],"predecessor-version":[{"id":958,"href":"https:\/\/sagemm.ird.fr\/index.php?rest_route=\/wp\/v2\/posts\/957\/revisions\/958"}],"wp:attachment":[{"href":"https:\/\/sagemm.ird.fr\/index.php?rest_route=%2Fwp%2Fv2%2Fmedia&parent=957"}],"wp:term":[{"taxonomy":"category","embeddable":true,"href":"https:\/\/sagemm.ird.fr\/index.php?rest_route=%2Fwp%2Fv2%2Fcategories&post=957"},{"taxonomy":"post_tag","embeddable":true,"href":"https:\/\/sagemm.ird.fr\/index.php?rest_route=%2Fwp%2Fv2%2Ftags&post=957"}],"curies":[{"name":"wp","href":"https:\/\/api.w.org\/{rel}","templated":true}]}}